{"id":801,"date":"2021-04-07T15:48:48","date_gmt":"2021-04-07T13:48:48","guid":{"rendered":"https:\/\/primaklima21.net\/?p=801"},"modified":"2021-12-06T11:15:21","modified_gmt":"2021-12-06T10:15:21","slug":"wirtschaftimwandel","status":"publish","type":"post","link":"https:\/\/primaklima21.net\/?p=801","title":{"rendered":"Klima und Wirtschaft im Wandel"},"content":{"rendered":"<p><span style=\"font-size: 16px;\"><span style=\"color: #ffffff;\">&#8211;<\/span><\/span><br \/>\n<span style=\"font-size: 16px;\">Mittwoch, 8. Dezember 2021, 19:00 Uhr\u00a0<\/span><span style=\"font-size: 16px;\"><br \/>\nVeranstaltung wird Corona-bedingt als Online-Diskussion durchgef\u00fchrt! (keine Pr\u00e4senzveranstaltung)<br \/>\n<\/span><\/p>\n<p><span style=\"font-size: 14px;\"><em>Nachhaltigkeit und Klimaschutz sind die Kernthemen unserer Zeit. Nicht nur engagierte Klimasch\u00fctzer*innen setzen sich entschieden f\u00fcr den Schutz unseres Planeten ein, sondern zunehmend auch Akteure aus der Wirtschaft. Auch hier in Wuppertal!<\/em><\/span><\/p>\n<p><span style=\"font-size: 14px;\"><em>W\u00e4hrend unserer Veranstaltung wollen wir nicht nur gemeinsam diskutieren, wie wir den Wandel in Wirtschaft und Gesellschaft noch st\u00e4rker voranbringen k\u00f6nnen, sondern auch unterschiedliche Wuppertaler Unternehmen und Institutionen sowie deren Engagement f\u00fcr mehr Klima- und Umweltschutz kennenlernen.<\/em><\/span><\/p>\n<p><span style=\"font-size: 14px;\"><em>Mit unseren G\u00e4sten wollen wir diskutieren, wie ein zukunftsf\u00e4higes und klimagerechtes Wirtschaften in Wuppertal funktioniert und wie wir wir den Wandel gemeinsam voran bringen?<\/em><\/span><\/p>\n<p><span style=\"font-size: 14px;\"><strong>Theresa Oesterwinte<\/strong>r (Wirtschaftsf\u00f6rderung Wuppertal A\u00f6R)<\/span><br \/>\n<span style=\"font-size: 14px;\"><strong>Figan Sarikaya<\/strong> (Troxler-Werkst\u00e4tten &#8211; Koordination agere-Netzwerk<\/span><br \/>\n<span style=\"font-size: 14px;\"><strong>Beate Petersen<\/strong> (Gemeinwohl\u00f6konomie)<\/span><br \/>\n<span style=\"font-size: 14px;\"><strong>Stephan Schaller<\/strong> (Collaborating Centre on Sustainable Consumption and Production gGmbH &#8211; CSCP)<\/span><br \/>\n<span style=\"font-size: 14px;\"><strong>Lasse Lemm<\/strong> (Neue Effizienz)<\/span><br \/>\n<span style=\"font-size: 14px;\"><strong>Dr. Peter Schaumberger<\/strong> (GEPA &amp; ehrenamtliches Vollversammlungsmitglied Bergische IHK)<\/span><\/p>\n<p><span style=\"font-size: 14px;\">Diese Veranstaltung wird entgegen der Planung als reine Onlineveranstaltung via &#8222;Zoom&#8220; durchgef\u00fchrt.<\/span><br \/>\n<span style=\"font-size: 14px;\">Es gelten unsere<a title=\"Teilnahmebedingungen\" href=\"https:\/\/primaklima21.net\/teilnahme_corona\/\" target=\"_blank\" rel=\"noopener\"> Teilnahmebedingungen<\/a>.<\/span>\u00a0(<span style=\"font-size: 14px;\">Eine Anmeldung ist nicht notwendig!)<br \/>\nZugangsdaten: <\/span><a title=\"Zum Online-Meeting\" href=\"https:\/\/us06web.zoom.us\/j\/85422297257?pwd=ZW1WYjZHTWFFeUl1YlBPaW9BRXhEUT09&amp;fbclid=IwAR3lPZ9S5v0o04HxP2kZuZ5X25ryq7xKWs-Zyy0Qf9M60-J9xdzRoKQU3O8\" target=\"_blank\" rel=\"noopener\"><span style=\"font-size: 14px;\">https:\/\/us06web.zoom.us\/j\/85422297257&#8230;<\/span><\/a><br \/>\n<span style=\"font-size: 14px;\">Kenncode: 7001208<\/span><\/p>\n<div class=\"o9v6fnle cxmmr5t8 oygrvhab hcukyx3x c1et5uql\"><\/div>\n<style>.embed-container { position: relative; padding-bottom:56.25%; height:0; overflow: hidden; max-width: 100%; } .embed-container iframe, .embed-container object, .embed-container embed { position: absolute; top: 0; left: 0; width: 100%; height: 100%;}<\/style>\n<div id=\"ypembedcontainer\" class=\"embed-container\" data-page-width=\"500\" data-page-height=\"333\"><iframe src=\"https:\/\/www.yumpu.com\/de\/embed\/view\/SyXJPNDcE6IAxgsZ\" frameborder=\"0\" allowfullscreen=\"allowfullscreen\"><\/iframe><\/div>\n<p><script src='https:\/\/players.yumpu.com\/modules\/embed\/yp_r_iframe.js' ><\/script><\/p>\n","protected":false},"excerpt":{"rendered":"<p><span style=\"font-size: 15px;\"><strong><span style=\"color: #882f49;\">Mittwoch, 8.12.2021, 19:00 Uhr<\/strong><br \/>\nVeranstaltung wird Corona-beding als Online-Diskussion durchgef\u00fchrt! (keine Pr\u00e4senzveranstaltung)<\/span><\/span><br \/>\n<span style=\"color: #ffffff;\">&#8211;<\/span><br \/>\n<span style=\"font-size: 14px;\">Nachhaltigkeit und Klimaschutz sind die Kernthemen unserer Zeit. Nicht nur engagierte Klimasch\u00fctzer*innen setzen sich entschieden f\u00fcr den Schutz unseres Planeten ein, sondern zunehmend auch Akteure aus der Wirtschaft.<\/span><br \/>\n<span style=\"color: #ffffff;\">&#8211;<\/span><br \/>\n<span style=\"font-size: 14px;\"><a href=\"https:\/\/primaklima21.net\/WirtschaftimWandel\" rel=\"noopener noreferrer\" target=\"_blank\">Ank\u00fcndigung lesen<\/a><\/span><\/p>\n","protected":false},"author":1,"featured_media":826,"comment_status":"open","ping_status":"open","sticky":false,"template":"","format":"standard","meta":{"footnotes":""},"categories":[17,5],"tags":[],"_links":{"self":[{"href":"https:\/\/primaklima21.net\/index.php?rest_route=\/wp\/v2\/posts\/801"}],"collection":[{"href":"https:\/\/primaklima21.net\/index.php?rest_route=\/wp\/v2\/posts"}],"about":[{"href":"https:\/\/primaklima21.net\/index.php?rest_route=\/wp\/v2\/types\/post"}],"author":[{"embeddable":true,"href":"https:\/\/primaklima21.net\/index.php?rest_route=\/wp\/v2\/users\/1"}],"replies":[{"embeddable":true,"href":"https:\/\/primaklima21.net\/index.php?rest_route=%2Fwp%2Fv2%2Fcomments&post=801"}],"version-history":[{"count":10,"href":"https:\/\/primaklima21.net\/index.php?rest_route=\/wp\/v2\/posts\/801\/revisions"}],"predecessor-version":[{"id":894,"href":"https:\/\/primaklima21.net\/index.php?rest_route=\/wp\/v2\/posts\/801\/revisions\/894"}],"wp:featuredmedia":[{"embeddable":true,"href":"https:\/\/primaklima21.net\/index.php?rest_route=\/wp\/v2\/media\/826"}],"wp:attachment":[{"href":"https:\/\/primaklima21.net\/index.php?rest_route=%2Fwp%2Fv2%2Fmedia&parent=801"}],"wp:term":[{"taxonomy":"category","embeddable":true,"href":"https:\/\/primaklima21.net\/index.php?rest_route=%2Fwp%2Fv2%2Fcategories&post=801"},{"taxonomy":"post_tag","embeddable":true,"href":"https:\/\/primaklima21.net\/index.php?rest_route=%2Fwp%2Fv2%2Ftags&post=801"}],"curies":[{"name":"wp","href":"https:\/\/api.w.org\/{rel}","templated":true}]}}