{"id":707,"date":"2021-04-07T15:53:21","date_gmt":"2021-04-07T13:53:21","guid":{"rendered":"https:\/\/primaklima21.net\/?p=707"},"modified":"2021-11-22T00:52:43","modified_gmt":"2021-11-21T23:52:43","slug":"nachverdichtung","status":"publish","type":"post","link":"https:\/\/primaklima21.net\/?p=707","title":{"rendered":"Innerst\u00e4dtischer L\u00fcckenschluss \u2013 Nachverdichtung statt Fl\u00e4chenfra\u00df auf der gr\u00fcnen Wiese"},"content":{"rendered":"<p><span style=\"font-size: 16px;\"><span style=\"color: #ffffff;\">&#8211;<\/span><\/span><br \/>\n<span style=\"font-size: 16px;\">Mittwoch, 24. November 2021, 19:00 Uhr (in Kooperation mit der VHS) \u2013 Themenblock \u201eKlimagerechtes Bauen&#8220;<br \/>\nAchtung ge\u00e4nderter Veranstaltungsort: Bergische Volkshochschule (VHS), Auer Schulstra\u00dfe 20, 42103 Wuppertal-Elberfeld)<br \/>\n<\/span><\/p>\n<p><span style=\"font-size: 14px;\">Nachverdichtung im urbanen Raum ist eine zentrale Stellschraube um die St\u00e4dte heilsam f\u00fcr unser Klima zu machen. Vielfach k\u00f6nnen Dichteeffekte auch im Hinblick auf Infrastruktur Energieeffizienz erh\u00f6hen, gleichzeitig kann dies nur Akzeptanz finden, wenn auch soziale und \u00f6konomische Nachhaltigkeit ber\u00fccksichtigt wird und Verdr\u00e4ngung oder z.B. innerst\u00e4dtische Hitzeinseln gar nicht erst entstehen. Wie Nachverdichtung zum Erfolg wird, kl\u00e4ren wir anhand von wissenschaftlichen Erkenntnissen, an Best Practice Beispielen, innovativen Ideen und im Diskurs mit ausgew\u00e4hlten Praktikern und nat\u00fcrlich dem Publikum.<\/span><\/p>\n<p><span style=\"font-size: 14px;\">Referent:innen: <strong>Team Solar Decathlon Europe 21\/22<\/strong> im Gespr\u00e4ch mit Praxispartnern u.a. mit: Dr. Daniel Lorberg \u2013 Dr.-Ing. Katharina Simon \u2013 Frauke Rottschy<\/span><\/p>\n<p><span style=\"font-size: 14px;\"><strong>Dr. Daniel Lorberg<\/strong> ist Leiter des Projektes Solar Decathlon Europe 21\/22 sowie Kurator desLiving Lab. NRW. Zuvor war er u.a. Gesch\u00e4ftsf\u00fchrer des Instituts f\u00fcr Politikwissenschaft an der Bergischen Universit\u00e4t und an der IST-Hochschule f\u00fcr Management und international als Dozent, Autor und Manager t\u00e4tig. Er studierte Wirtschaft, Recht sowie Europawissenschaften und provierte \u00fcber den Wandel der Weltwirtschaftsstruktur im Zuge der Digitalisierung.<\/span><br \/>\n<span style=\"font-size: 14px;\"><strong>Dr.-Ing. Katharina Simon<\/strong> ist Projektleiterin des Projektes Living Lab. NRW sowie Co-Leiterin und Leiterin des Bereichs \u201eArchitektur und urbane Innovation\u201d im internationalen Projekt \u201eSolar Decathlon Europe 21\/22\u201d. Nach ihrem Architekturstudium war sie \u00fcber sieben Jahre lang am Lehrstuhl f\u00fcr St\u00e4dtebau an der Bergischen Universit\u00e4t t\u00e4tig, wo sie 2017 promovierte, bevor sie zun\u00e4chst zum Lehrstuhl f\u00fcr Bauphysik und Technische Geb\u00e4udeausr\u00fcstung und 2019 ins SDE 21\/22 Team wechselte. Sie lehrt und forscht an der Schnittstelle von Stadt und Energie in nationalen und internationalen Projekten.<\/span><br \/>\n<span style=\"font-size: 14px;\"><strong>Frauke Rottschy<\/strong> ist beim SDE 21\/22 Leiterin der Teamkommunikation und betreut die 18 internationalen Teilnehmerteams. Frau Rottschy ist Architektin (Dipl.-Ing.) und Wirtschaftsingenieurin (MBA &amp; Eng.) und arbeitete mit dem Schwerpunkt Wohnungsbau in mehreren Architekturb\u00fcros in M\u00fcnchen, Ulm und D\u00fcsseldorf. W\u00e4hrend ihres Studiums an der Technischen Universit\u00e4t Darmstadt, nahm sie 2009 am Solar Decathlon in Washington D.C. teil und belegte zusammen mit ihrem Team den 1. Preis im Gesamtwettbewerb.<\/span><\/p>\n<p><span style=\"font-size: 14px; color: #000000;\">Der Themenblock \u201eKlimagerechtes Bauen\u201c findet in Kooperation mit dem \u201eSolar Decathlon Europe 21\/22 und der Bergischer VHS statt.<\/span><\/p>\n<p><span style=\"font-size: 14px; color: #000000;\">Diese Veranstaltung wird als Pr\u00e4senz-Veranstaltung durchgef\u00fchrt und findet i Forum (Raum A0111) der Bergischen VHS (Auer Schulstr. 20, 42103 Wuppertal) statt.<\/span><br \/>\n<span style=\"font-size: 14px; color: #000000;\"><strong>Eine Anmeldung ist nicht notwendig!<\/strong> Der Zutritt zur Veranstaltung ist aber nur mit medizinischer Maske und unter Beachtung der 3G-Regel (geimpft, genesen, getestet) m\u00f6glich. Es gelten die zum Zeitpunkt der Veranstaltung g\u00fcltigen Corona-Schutzverordnungen.<\/span><\/p>\n<p><span style=\"font-size: 14px; color: #000000;\">Die Veranstaltung kann parallel auch online via \u201eZOOM\u201c verfolgt werden:<\/span><br \/>\n<a class=\"oajrlxb2 g5ia77u1 qu0x051f esr5mh6w e9989ue4 r7d6kgcz rq0escxv nhd2j8a9 nc684nl6 p7hjln8o kvgmc6g5 cxmmr5t8 oygrvhab hcukyx3x jb3vyjys rz4wbd8a qt6c0cv9 a8nywdso i1ao9s8h esuyzwwr f1sip0of lzcic4wl py34i1dx gpro0wi8\" tabindex=\"0\" role=\"link\" href=\"https:\/\/us06web.zoom.us\/j\/88320091751?pwd=TGxlQXFxZGJnRlZUWitkNWYzbDliQT09&amp;fbclid=IwAR1zJOiAzWRknSGOI04TV2u49dmHtnaRXBLvtEa0Dhw8w3Fp6hm4mh92t08\" target=\"_blank\" rel=\"nofollow noopener\">https:\/\/us06web.zoom.us\/j\/88320091751&#8230;<\/a><br \/>\nKenncode: 7001124<\/p>\n<style>.embed-container { position: relative; padding-bottom:56.25%; height:0; overflow: hidden; max-width: 100%; } .embed-container iframe, .embed-container object, .embed-container embed { position: absolute; top: 0; left: 0; width: 100%; height: 100%;}<\/style>\n<div id=\"ypembedcontainer\" class=\"embed-container\" data-page-width=\"500\" data-page-height=\"333\"><iframe src=\"https:\/\/www.yumpu.com\/de\/embed\/view\/MiOfDbAx65JwuHRU\" frameborder=\"0\" allowfullscreen=\"allowfullscreen\"><\/iframe><\/div>\n<p><script src='https:\/\/players.yumpu.com\/modules\/embed\/yp_r_iframe.js' ><\/script><\/p>\n","protected":false},"excerpt":{"rendered":"<p><span style=\"font-size: 15px;\"><strong><span style=\"color: #882f49;\">Mittwoch, 24.11.2021, 19:00 Uhr, Themenblock \u201eKlimagerechtes Bauen&#8220;<\/strong><br \/>\nNeuer Veranstaltungsort: Bergische VHS (Auer Schulstr. 20, 42103 Wuppertal)<\/span><\/span><br \/>\n<span style=\"color: #ffffff;\">&#8211;<\/span><br \/>\n<span style=\"font-size: 14px;\">Nachverdichtung im urbanen Raum ist eine zentrale Stellschraube.<\/span><br \/>\n<span style=\"color: #ffffff;\">&#8211;<\/span><br \/>\n<span style=\"font-size: 14px;\"><a href=\"https:\/\/primaklima21.net\/nachverdichtung\" rel=\"noopener noreferrer\" target=\"_blank\">Ank\u00fcndigung lesen<\/a><\/span><\/p>\n","protected":false},"author":1,"featured_media":709,"comment_status":"open","ping_status":"open","sticky":false,"template":"","format":"standard","meta":{"footnotes":""},"categories":[17,5],"tags":[],"_links":{"self":[{"href":"https:\/\/primaklima21.net\/index.php?rest_route=\/wp\/v2\/posts\/707"}],"collection":[{"href":"https:\/\/primaklima21.net\/index.php?rest_route=\/wp\/v2\/posts"}],"about":[{"href":"https:\/\/primaklima21.net\/index.php?rest_route=\/wp\/v2\/types\/post"}],"author":[{"embeddable":true,"href":"https:\/\/primaklima21.net\/index.php?rest_route=\/wp\/v2\/users\/1"}],"replies":[{"embeddable":true,"href":"https:\/\/primaklima21.net\/index.php?rest_route=%2Fwp%2Fv2%2Fcomments&post=707"}],"version-history":[{"count":8,"href":"https:\/\/primaklima21.net\/index.php?rest_route=\/wp\/v2\/posts\/707\/revisions"}],"predecessor-version":[{"id":856,"href":"https:\/\/primaklima21.net\/index.php?rest_route=\/wp\/v2\/posts\/707\/revisions\/856"}],"wp:featuredmedia":[{"embeddable":true,"href":"https:\/\/primaklima21.net\/index.php?rest_route=\/wp\/v2\/media\/709"}],"wp:attachment":[{"href":"https:\/\/primaklima21.net\/index.php?rest_route=%2Fwp%2Fv2%2Fmedia&parent=707"}],"wp:term":[{"taxonomy":"category","embeddable":true,"href":"https:\/\/primaklima21.net\/index.php?rest_route=%2Fwp%2Fv2%2Fcategories&post=707"},{"taxonomy":"post_tag","embeddable":true,"href":"https:\/\/primaklima21.net\/index.php?rest_route=%2Fwp%2Fv2%2Ftags&post=707"}],"curies":[{"name":"wp","href":"https:\/\/api.w.org\/{rel}","templated":true}]}}