{"id":496,"date":"2021-04-07T17:17:02","date_gmt":"2021-04-07T15:17:02","guid":{"rendered":"https:\/\/primaklima21.net\/?p=496"},"modified":"2021-09-17T13:23:13","modified_gmt":"2021-09-17T11:23:13","slug":"klimareihe2021","status":"publish","type":"post","link":"https:\/\/primaklima21.net\/?p=496","title":{"rendered":"LOKAL UND REGIONAL HANDELN \u2013 F\u00dcR EINE \u00d6KOSOZIALE ZUKUNFT"},"content":{"rendered":"<p><span style=\"font-size: 20px; color: #882f49;\">KLIMAGERECHTIGKEIT: HIER UND JETZT!<\/span><\/p>\n<p>Bildungsreihe mit Online- und Pr\u00e4senzveranstaltungen von\u00a0April bis Dezember 2021<\/p>\n<p><a href=\"https:\/\/www.yumpu.com\/de\/document\/read\/65868196\/klimagerechtigkeit-hier-und-jetzt-veranstaltungsprogramm-2021-2\" target=\"_blank\" rel=\"noopener\"><img decoding=\"async\" loading=\"lazy\" class=\"alignleft wp-image-844\" src=\"https:\/\/primaklima21.net\/wp-content\/uploads\/2021\/04\/Bildschirmfoto-2021-09-17-um-13.15.53.png\" alt=\"\" width=\"200\" height=\"200\" srcset=\"https:\/\/primaklima21.net\/wp-content\/uploads\/2021\/04\/Bildschirmfoto-2021-09-17-um-13.15.53.png 961w, https:\/\/primaklima21.net\/wp-content\/uploads\/2021\/04\/Bildschirmfoto-2021-09-17-um-13.15.53-300x300.png 300w, https:\/\/primaklima21.net\/wp-content\/uploads\/2021\/04\/Bildschirmfoto-2021-09-17-um-13.15.53-150x150.png 150w, https:\/\/primaklima21.net\/wp-content\/uploads\/2021\/04\/Bildschirmfoto-2021-09-17-um-13.15.53-768x768.png 768w, https:\/\/primaklima21.net\/wp-content\/uploads\/2021\/04\/Bildschirmfoto-2021-09-17-um-13.15.53-80x80.png 80w, https:\/\/primaklima21.net\/wp-content\/uploads\/2021\/04\/Bildschirmfoto-2021-09-17-um-13.15.53-320x320.png 320w\" sizes=\"(max-width: 200px) 100vw, 200px\" \/><\/a><\/p>\n<p>&nbsp;<\/p>\n<p>&nbsp;<\/p>\n<p>&nbsp;<\/p>\n<p><span style=\"font-size: 14px;\">Alle Online-Seminare werden auf \u201eZOOM\u201c durchgef\u00fchrt.\u00a0Wir bitten um eine formlose Anmeldung per E-Mail an\u00a0<b>anmeldung@primaklima21.net<\/b>.\u00a0Die Zugangsdaten werden dann am Vortag per Mail zugesandt.<br \/>\n<\/span><\/p>\n<hr \/>\n<p>&nbsp;<\/p>\n<p><a title=\"Programmflyer\" href=\"https:\/\/www.yumpu.com\/de\/document\/read\/65482798\/klimagerechtigkeit-hier-und-jetzt-veranstaltungsprogramm-2021-1\" target=\"_blank\" rel=\"noopener\"><span style=\"font-size: 14px;\"><i>Programm ansehen\/ Downloaden<\/i><\/span><\/a><\/p>\n<p>&nbsp;<\/p>\n<p><span style=\"font-size: 14px;\"><i>Unser Klima ver\u00e4ndert sich weltweit, mit teils gravierenden Folgen f\u00fcr die Umwelt, f\u00fcr Pflanzen, Tiere und f\u00fcr uns Menschen. Damit die schlimmsten Folgen verhindert oder mindestens abgemildert werden, m\u00fcssen jetzt dringend wichtige Weichen f\u00fcr eine lebenswerte Zukunft gestellt werden. In Politik und Medien ist das mittlerweile eine Dauerthematik und das ist auch gut so!<\/i><\/span><\/p>\n<p><span style=\"font-size: 14px;\"><i>Der Welt-Klimagipfel von Madrid hat uns jedoch gezeigt, dass immer noch nicht alle wichtigen Entscheidungstr\u00e4ger*innen davon \u00fcberzeugt sind, dass es l\u00e4ngst Zeit ist \u2013 zu handeln. Wir m\u00fcssen JETZT handeln und zwar auf allen politischen Ebenen und in jeden gesellschaftlichen Bereich. Es wird einen langen Atem brauchen, m\u00f6glichst viele Menschen davon zu \u00fcberzeugen, dass jede*r mehr f\u00fcr Klimaschutz und Klimagerechtigkeit tun kann.<\/i><\/span><\/p>\n<p><span style=\"font-size: 14px;\"><i><a title=\"\u00dcbersicht der Veranstaltungen 2020\" href=\"https:\/\/primaklima21.net\/category\/webinare\/2020\/\" target=\"_blank\" rel=\"noopener\">Unsere bisherigen Veranstaltungen zum Thema Klimagerechtigkeit<\/a> haben gezeigt, dass das Thema viele Menschen (jeglichen Alters!) bewegt und dass sich viele Akteure mit den unterschiedlichsten demokratischen Mitteln f\u00fcr eine bessere Welt einsetzen wollen.<span class=\"Apple-converted-space\">\u00a0<\/span><\/i><\/span><\/p>\n<p><span style=\"font-size: 14px;\"><i>Dass der Themenkomplex Klima- und Ressourcengerechtigkeit nicht nur das Demokratiebewusstsein und das Interesse an gesellschaftlicher Teilhabe f\u00f6rdert, hat nicht zuletzt auch die Fridays for Future Bewegung gezeigt. Dieser hat sich eine Vielzahl von Menschen, Gruppen, Akteuren aus Politik und Wirtschaft angeschlossen, um gemeinsam f\u00fcr Ver\u00e4nderungen zu streiten und zu k\u00e4mpfen. Klimagerechtigkeit ist damit ein wichtiges Thema zur Willens- und Meinungsbildung sowie zur Demokratief\u00f6rderung geworden.<\/i><\/span><\/p>\n<p><span style=\"font-size: 14px;\"><i>Mit unserem aktuellen Bildungs- und Vernetzungsprojekt m\u00f6chten wir neben inhaltlichen Impulsen \u00fcber abstrakte Wirkungszusammenh\u00e4nge, insbesondere konkrete M\u00f6glichkeiten aufzeigen, wie wir als B\u00fcrger*innen Ver\u00e4nderung f\u00fcr eine nachhaltige Stadtgestaltung und demokratische Transformation erm\u00f6glichen k\u00f6nnen. Es werden praxisrelevante L\u00f6sungswege und Best-Practices aufgegriffen sowie Austauschm\u00f6glichkeiten mit Expert*innen und Entscheidungstr\u00e4ger*innen erm\u00f6glicht.<\/i><\/span><\/p>\n<p><span style=\"font-size: 14px;\"><i>Da auch in Zeiten der aktuellen Corona-Pandemie politische Meinungsbildung m\u00f6glich sein muss, finden die meisten Veranstaltung in Form von Web-Seminaren statt.<\/i><\/span><\/p>\n","protected":false},"excerpt":{"rendered":"<p><a href=\"https:\/\/www.yumpu.com\/de\/document\/read\/65868196\/klimagerechtigkeit-hier-und-jetzt-veranstaltungsprogramm-2021-2\" target=\"_blank\" rel=\"noopener\"><img decoding=\"async\" loading=\"lazy\" class=\"alignleft wp-image-623\" src=\"https:\/\/primaklima21.net\/wp-content\/uploads\/2021\/04\/Bildschirmfoto-2021-09-17-um-13.15.53.png\" alt=\"\" width=\"200\" height=\"200\" \/><\/a><span style=\"font-size: 18px;\">KLIMAGERECHTIGKEIT: HIER UND JETZT!<\/span><br \/>\n<span style=\"font-size: 18px;\"><span style=\"color: #882f49;\">ONLINE- UND PR\u00c4SENZVERANSTALTUNGEN<\/span><\/span><br \/>\n<span style=\"font-size: 6px; color: #ffffff;\">&#8211;<\/span><br \/>\n<span style=\"font-size: 15px\">Da auch in Zeiten der Corona-Pandemie politische Meinungsbildung m\u00f6glich sein muss, finden die meisten Veranstaltung in Form von Hybrid-Seminaren statt. Je nach Infektionslage wird es ggf. jedoch auch Pr\u00e4senzveranstaltungen geben. Achtet auf aktuelle Ank\u00fcndigungen.<\/span><br \/>\n<span style=\"font-size: 6px; color: #ffffff;\">&#8211;<\/span><br \/>\n<a href=\"https:\/\/primaklima21.net\/klimareihe2021\/\" rel=\"noopener noreferrer\" target=\"_blank\">Lesen: Einige einleitende Worte zur Reihe.<\/a><\/p>\n<hr \/>\n<p><span style=\"font-size: 20px;\">VERANSTALTUNGEN 2021<\/span><span style=\"font-size: 20px;\"> <span style=\"color: #882f49;\">TERMIN\u00dcBERSICHT<\/span><\/span><\/p>\n","protected":false},"author":1,"featured_media":0,"comment_status":"open","ping_status":"open","sticky":false,"template":"","format":"standard","meta":{"footnotes":""},"categories":[6,17],"tags":[],"_links":{"self":[{"href":"https:\/\/primaklima21.net\/index.php?rest_route=\/wp\/v2\/posts\/496"}],"collection":[{"href":"https:\/\/primaklima21.net\/index.php?rest_route=\/wp\/v2\/posts"}],"about":[{"href":"https:\/\/primaklima21.net\/index.php?rest_route=\/wp\/v2\/types\/post"}],"author":[{"embeddable":true,"href":"https:\/\/primaklima21.net\/index.php?rest_route=\/wp\/v2\/users\/1"}],"replies":[{"embeddable":true,"href":"https:\/\/primaklima21.net\/index.php?rest_route=%2Fwp%2Fv2%2Fcomments&post=496"}],"version-history":[{"count":10,"href":"https:\/\/primaklima21.net\/index.php?rest_route=\/wp\/v2\/posts\/496\/revisions"}],"predecessor-version":[{"id":846,"href":"https:\/\/primaklima21.net\/index.php?rest_route=\/wp\/v2\/posts\/496\/revisions\/846"}],"wp:attachment":[{"href":"https:\/\/primaklima21.net\/index.php?rest_route=%2Fwp%2Fv2%2Fmedia&parent=496"}],"wp:term":[{"taxonomy":"category","embeddable":true,"href":"https:\/\/primaklima21.net\/index.php?rest_route=%2Fwp%2Fv2%2Fcategories&post=496"},{"taxonomy":"post_tag","embeddable":true,"href":"https:\/\/primaklima21.net\/index.php?rest_route=%2Fwp%2Fv2%2Ftags&post=496"}],"curies":[{"name":"wp","href":"https:\/\/api.w.org\/{rel}","templated":true}]}}