{"id":1338,"date":"2023-03-17T13:35:43","date_gmt":"2023-03-17T12:35:43","guid":{"rendered":"https:\/\/primaklima21.net\/?p=1338"},"modified":"2023-07-06T10:34:03","modified_gmt":"2023-07-06T08:34:03","slug":"neue-wohlstandsmodelle-in-der-transformation","status":"publish","type":"post","link":"https:\/\/primaklima21.net\/?p=1338","title":{"rendered":"Neue Wohlstandsmodelle f\u00fcr die Transformation"},"content":{"rendered":"\n<h1 class=\"wp-block-heading\"><\/h1>\n\n\n\n<p>Das Bildungs- und Vernetzungsprojekt f\u00fcr 2023 hat mit einem Quadrathlon unter verschiedenen Veranstaltungsformaten gestartet.&nbsp; Es handelt sich im Konkreten<\/p>\n\n\n\n<ul>\n<li>um eine Projektb\u00f6rse mit verschiedenen Initiativen aus der \u201cPostwachstums\u00f6konomie\u201d auf einem ganzt\u00e4gigen Gemeinschaftsstand&nbsp;<strong>am 4. Juni<\/strong>, dem Tag des Guten Lebens in Oberbarmen<\/li>\n\n\n\n<li>um ein \u201cPolitisches Fr\u00fchst\u00fcck\u201d am&nbsp;<strong>Sonntag, 9. Juli<\/strong>, das um 10 Uhr mit einem Fr\u00fchst\u00fcck auf Spendenbasis beginnt, an das sich mehrere kurze Inputs (angefragt: Klimagewerkschafter*innen, Konzeptwerk Neue \u00d6konomie) anschlie\u00dfen und das in Plenums Runden und Tischgespr\u00e4chen endet.<\/li>\n\n\n\n<li>um eine Podiumsdiskussion&nbsp;<strong>am 9. August<\/strong>&nbsp;abends mit Kommunalpolitik, Aktivist*innen und Wirtschaft und zugespitzten Wuppertaler Themen wie Nachhaltigkeitsstrategie, BuGa, L419, Autobahnkreuz Nord, Autofreie Innenstadt, Fl\u00e4chenpolitik mit professioneller Moderation<\/li>\n\n\n\n<li>Film- und Diskussionsveranstaltung am&nbsp;<strong>5. September<\/strong>, 19 Uhr im Rahmen der Filmreihe Offstream mit dem Film Oeconomia und anschlie\u00dfender Diskussion mit geladenen G\u00e4sten.<\/li>\n<\/ul>\n\n\n\n<p>Zus\u00e4tzlich werden wieder f\u00fcnf kostenlose Workshops f\u00fcr Jugendliche und Sch\u00fcler*innen zu den Themen unserer machtkritischen Bildungsarbeit in den Bereichen Wirtschaft, Klima und Umweltkonflikte, Menschenrechte, Antirassismus, Demokratie und soziale Bewegungen angeboten, ebenso zwei Theaterworkshops.&nbsp;<a href=\"https:\/\/infobuero-nicaragua.org\/bildungsarbeit\/workshops\">Weitere Infos und Anfragen hier<\/a>.<\/p>\n\n\n\n<p>Und hier geht es&nbsp;<a href=\"https:\/\/infobuero-nicaragua.org\/2023\/01\/bildungs-und-vernetzungsprojekt-demokratische-partizipation-und-sozialoekologische-transformation-startet\">zu den Ergebnissen<\/a>&nbsp;des Vorg\u00e4ngerprojektes.<\/p>\n","protected":false},"excerpt":{"rendered":"<p>Das Bildungs- und Vernetzungsprojekt f\u00fcr 2023 hat mit einem Quadrathlon unter verschiedenen Veranstaltungsformaten gestartet.&nbsp; Es handelt sich im Konkreten Zus\u00e4tzlich werden wieder f\u00fcnf kostenlose Workshops f\u00fcr Jugendliche und Sch\u00fcler*innen zu den Themen unserer machtkritischen Bildungsarbeit in den Bereichen Wirtschaft, Klima und Umweltkonflikte, Menschenrechte, Antirassismus, Demokratie und soziale Bewegungen angeboten, ebenso zwei Theaterworkshops.&nbsp;Weitere Infos und Anfragen [&hellip;]<\/p>\n","protected":false},"author":4,"featured_media":1361,"comment_status":"closed","ping_status":"closed","sticky":false,"template":"","format":"standard","meta":{"footnotes":""},"categories":[38,1],"tags":[],"_links":{"self":[{"href":"https:\/\/primaklima21.net\/index.php?rest_route=\/wp\/v2\/posts\/1338"}],"collection":[{"href":"https:\/\/primaklima21.net\/index.php?rest_route=\/wp\/v2\/posts"}],"about":[{"href":"https:\/\/primaklima21.net\/index.php?rest_route=\/wp\/v2\/types\/post"}],"author":[{"embeddable":true,"href":"https:\/\/primaklima21.net\/index.php?rest_route=\/wp\/v2\/users\/4"}],"replies":[{"embeddable":true,"href":"https:\/\/primaklima21.net\/index.php?rest_route=%2Fwp%2Fv2%2Fcomments&post=1338"}],"version-history":[{"count":6,"href":"https:\/\/primaklima21.net\/index.php?rest_route=\/wp\/v2\/posts\/1338\/revisions"}],"predecessor-version":[{"id":1417,"href":"https:\/\/primaklima21.net\/index.php?rest_route=\/wp\/v2\/posts\/1338\/revisions\/1417"}],"wp:featuredmedia":[{"embeddable":true,"href":"https:\/\/primaklima21.net\/index.php?rest_route=\/wp\/v2\/media\/1361"}],"wp:attachment":[{"href":"https:\/\/primaklima21.net\/index.php?rest_route=%2Fwp%2Fv2%2Fmedia&parent=1338"}],"wp:term":[{"taxonomy":"category","embeddable":true,"href":"https:\/\/primaklima21.net\/index.php?rest_route=%2Fwp%2Fv2%2Fcategories&post=1338"},{"taxonomy":"post_tag","embeddable":true,"href":"https:\/\/primaklima21.net\/index.php?rest_route=%2Fwp%2Fv2%2Ftags&post=1338"}],"curies":[{"name":"wp","href":"https:\/\/api.w.org\/{rel}","templated":true}]}}