{"id":1297,"date":"2023-01-16T12:59:15","date_gmt":"2023-01-16T11:59:15","guid":{"rendered":"https:\/\/primaklima21.net\/?p=1297"},"modified":"2023-06-07T18:27:14","modified_gmt":"2023-06-07T16:27:14","slug":"tagesworkshop-demokratische-partizipation-und-sozialoekologische-transformation","status":"publish","type":"post","link":"https:\/\/primaklima21.net\/?p=1297","title":{"rendered":"Tagesworkshop\u00a0Demokratische Partizipation und sozial\u00f6kologische Transformation"},"content":{"rendered":"\n<p><strong>9. April, 10-17 Uhr, Kommunikationszentrum Die B\u00f6rse, mit allen mitveranstaltenden Organisationen<\/strong>&nbsp;Markt der M\u00f6glichkeiten zur Darstellung der Initiativen, ihrer Positionen und Handlungskonzepte zu Partizipation und sozial\u00f6kologischer Transformation. Ort: Die B\u00f6rse, Wolkenburg. Hier das&nbsp;<a href=\"https:\/\/infobuero-nicaragua.org\/wp-content\/uploads\/2022\/03\/Protokoll-9.4.22.odt\"><strong>Ergebnisprotokoll<\/strong><\/a><\/p>\n","protected":false},"excerpt":{"rendered":"<p>9. April, 10-17 Uhr, Kommunikationszentrum Die B\u00f6rse, mit allen mitveranstaltenden Organisationen&nbsp;Markt der M\u00f6glichkeiten zur Darstellung der Initiativen, ihrer Positionen und Handlungskonzepte zu Partizipation und sozial\u00f6kologischer Transformation. Ort: Die B\u00f6rse, Wolkenburg. Hier das&nbsp;Ergebnisprotokoll<\/p>\n","protected":false},"author":4,"featured_media":0,"comment_status":"closed","ping_status":"closed","sticky":false,"template":"","format":"standard","meta":{"footnotes":""},"categories":[38,1],"tags":[],"_links":{"self":[{"href":"https:\/\/primaklima21.net\/index.php?rest_route=\/wp\/v2\/posts\/1297"}],"collection":[{"href":"https:\/\/primaklima21.net\/index.php?rest_route=\/wp\/v2\/posts"}],"about":[{"href":"https:\/\/primaklima21.net\/index.php?rest_route=\/wp\/v2\/types\/post"}],"author":[{"embeddable":true,"href":"https:\/\/primaklima21.net\/index.php?rest_route=\/wp\/v2\/users\/4"}],"replies":[{"embeddable":true,"href":"https:\/\/primaklima21.net\/index.php?rest_route=%2Fwp%2Fv2%2Fcomments&post=1297"}],"version-history":[{"count":2,"href":"https:\/\/primaklima21.net\/index.php?rest_route=\/wp\/v2\/posts\/1297\/revisions"}],"predecessor-version":[{"id":1333,"href":"https:\/\/primaklima21.net\/index.php?rest_route=\/wp\/v2\/posts\/1297\/revisions\/1333"}],"wp:attachment":[{"href":"https:\/\/primaklima21.net\/index.php?rest_route=%2Fwp%2Fv2%2Fmedia&parent=1297"}],"wp:term":[{"taxonomy":"category","embeddable":true,"href":"https:\/\/primaklima21.net\/index.php?rest_route=%2Fwp%2Fv2%2Fcategories&post=1297"},{"taxonomy":"post_tag","embeddable":true,"href":"https:\/\/primaklima21.net\/index.php?rest_route=%2Fwp%2Fv2%2Ftags&post=1297"}],"curies":[{"name":"wp","href":"https:\/\/api.w.org\/{rel}","templated":true}]}}