{"id":1070,"date":"2022-05-17T13:16:07","date_gmt":"2022-05-17T11:16:07","guid":{"rendered":"https:\/\/primaklima21.net\/?p=1070"},"modified":"2023-06-07T18:27:14","modified_gmt":"2023-06-07T16:27:14","slug":"entwicklungspolitik-fairer-handel-und-internationale-partnerschaften-podiumsdiskussion-mit-den-kandidatinnen-fuer-die-landtagswahl","status":"publish","type":"post","link":"https:\/\/primaklima21.net\/?p=1070","title":{"rendered":"Entwicklungspolitik, Fairer Handel und Internationale Partnerschaften.\u00a0Podiumsdiskussion mit den Kandidat:innen f\u00fcr die Landtagswahl"},"content":{"rendered":"\n<p>Der grausame Krieg in der Ukraine zeigt, dass Frieden und die Einhaltung der Menschenrechte nicht selbstverst\u00e4ndlich sind. Im Gegenteil: Wir m\u00fcssen diese Grundrechte immer wieder neu erk\u00e4mpfen und uns weltweit mit den Menschen solidarisieren, die nicht nur durch Kriege, sondern auch durch die Klimakrise und unfaire Handelspraktiken darin eingeschr\u00e4nkt sind.<\/p>\n\n\n\n<p>Am 15. Mai wird in Nordrhein-Westfalen ein neuer Landtag gew\u00e4hlt und damit Politiker:innen, die in dieser Zeit von globalen Krisen unsere Zukunft gestalten k\u00f6nnen.<\/p>\n\n\n\n<p>Wir m\u00f6chten deswegen von den Kandidat*innen erfahren, wie sie ihrer Verantwortung nachkommen m\u00f6chten:<\/p>\n\n\n\n<ul><li><em>Wie soll Entwicklungspolitik f\u00fcr eine nachhaltige und faire Zukunft weltweit gest\u00e4rkt werden?<\/em><\/li><li><em>Wie werden ehrenamtliche Strukturen f\u00fcr Internationale Partnerschaften und den Fairen Handel gef\u00f6rdert?<\/em><\/li><\/ul>\n\n\n\n<p>Dazu laden wir Sie ganz herzlich ein zur:<\/p>\n\n\n\n<p><strong>Podiumsdiskussion mit den Landtagskandidat:innen aus Solingen, Remscheid und Wuppertal<\/strong><\/p>\n\n\n\n<p>Mit uns diskutieren werden Josef Neumann (SPD), Eva Miriam Fuchs (B\u00fcndnis 90\/Die Gr\u00fcnen), Kai Merkel (Die Linke), Alexandra Trachte (FDP). Angefragt ist au\u00dferdem die CDU. Auch weitere Kandidat:innen aus den Wahlkreisen des Bergischen St\u00e4dtedreiecks werden die Veranstaltung besuchen.<\/p>\n\n\n\n<p>F\u00fcr W\u00e4hler:innen und engagierte Personen in diesen Themenfeldern ist die Veranstaltung eine gute M\u00f6glichkeit, um sich ein Bild von den Kandidat:innen zu machen und selbst Fragen einzubringen.<\/p>\n\n\n\n<p>Die Veranstaltung des Forums Globale Verantwortung und Eine-Welt findet statt in Kooperation mit dem Projekt <a href=\"https:\/\/primaklima21.net\/\" target=\"_blank\" rel=\"noreferrer noopener\">\u201eDemokratische Partizipation und Sozial\u00f6kologische Transformation\u201c. <\/a>Gerne k\u00f6nnen Sie die Einladung mit weiteren Interessierten teilen.<\/p>\n\n\n\n<p>Als Moderator f\u00fcr die Diskussion konnten wir Sven Schlickowey vom Remscheider General Anzeiger gewinnen, der bereits \u00e4hnliche Formate vor der Bundestagswahl moderiert hat.<\/p>\n","protected":false},"excerpt":{"rendered":"<p>Der grausame Krieg in der Ukraine zeigt, dass Frieden und die Einhaltung der Menschenrechte nicht selbstverst\u00e4ndlich sind. Im Gegenteil: Wir m\u00fcssen diese Grundrechte immer wieder neu erk\u00e4mpfen und uns weltweit mit den Menschen solidarisieren, die nicht nur durch Kriege, sondern auch durch die Klimakrise und unfaire Handelspraktiken darin eingeschr\u00e4nkt sind. Am 15. Mai wird in [&hellip;]<\/p>\n","protected":false},"author":4,"featured_media":0,"comment_status":"closed","ping_status":"closed","sticky":false,"template":"","format":"standard","meta":{"footnotes":""},"categories":[38,1],"tags":[],"_links":{"self":[{"href":"https:\/\/primaklima21.net\/index.php?rest_route=\/wp\/v2\/posts\/1070"}],"collection":[{"href":"https:\/\/primaklima21.net\/index.php?rest_route=\/wp\/v2\/posts"}],"about":[{"href":"https:\/\/primaklima21.net\/index.php?rest_route=\/wp\/v2\/types\/post"}],"author":[{"embeddable":true,"href":"https:\/\/primaklima21.net\/index.php?rest_route=\/wp\/v2\/users\/4"}],"replies":[{"embeddable":true,"href":"https:\/\/primaklima21.net\/index.php?rest_route=%2Fwp%2Fv2%2Fcomments&post=1070"}],"version-history":[{"count":1,"href":"https:\/\/primaklima21.net\/index.php?rest_route=\/wp\/v2\/posts\/1070\/revisions"}],"predecessor-version":[{"id":1071,"href":"https:\/\/primaklima21.net\/index.php?rest_route=\/wp\/v2\/posts\/1070\/revisions\/1071"}],"wp:attachment":[{"href":"https:\/\/primaklima21.net\/index.php?rest_route=%2Fwp%2Fv2%2Fmedia&parent=1070"}],"wp:term":[{"taxonomy":"category","embeddable":true,"href":"https:\/\/primaklima21.net\/index.php?rest_route=%2Fwp%2Fv2%2Fcategories&post=1070"},{"taxonomy":"post_tag","embeddable":true,"href":"https:\/\/primaklima21.net\/index.php?rest_route=%2Fwp%2Fv2%2Ftags&post=1070"}],"curies":[{"name":"wp","href":"https:\/\/api.w.org\/{rel}","templated":true}]}}