{"id":1059,"date":"2022-05-17T12:48:20","date_gmt":"2022-05-17T10:48:20","guid":{"rendered":"https:\/\/primaklima21.net\/?p=1059"},"modified":"2023-06-07T18:27:14","modified_gmt":"2023-06-07T16:27:14","slug":"mit-gruener-marktwirtschaft-das-klima-retten","status":"publish","type":"post","link":"https:\/\/primaklima21.net\/?p=1059","title":{"rendered":"Mit gr\u00fcner Marktwirtschaft das Klima retten?"},"content":{"rendered":"\n<p>Was haben die Regierungsparteien im Wahlkampf verk\u00fcndet und was verspricht der Koalitionsvertrag f\u00fcr die notwendige sozial\u00f6kologische Transformation? Was ist in den ersten 100 Tagen passiert und welchen Effekt hat der Ukraine Krieg auf die klimapolitischen Strategien? Welche Gegenentw\u00fcrfe gibt es von unten?<\/p>\n\n\n\n<p>Lasse Thiele ist als Politikwissenschaftler spezialisiert auf die Kritik des \u201egr\u00fcnen\u201c Kapitalismus, aktiv in der Klimagerechtigkeitsbewegung und versucht auch in seiner Arbeit im Konzeptwerk, inhaltliche und strategische Ansatzpunkte f\u00fcr eine sozial-\u00f6kologische Transformation zu entwickeln. Mitarbeit an der Studie \u201eMit gr\u00fcner Marktwirtschaft das Klima retten? Klimagerechtigkeits-Check der Ampel-Regierung\u201c. Das Konzeptwerk Neue \u00d6konomie e.V. in Leipzig seit 2011 schmiedet B\u00fcndnisse mit sozialen Bewegungen und entwickelt Alternativen zum kapitalistischen Wirtschaften. Die&nbsp;Gewerkschafterinnen und Gewerkschafter f\u00fcr Klimaschutz&nbsp;engagieren sich f\u00fcr eine Klimagerechtigkeit, bei der sowohl die Interessen der Besch\u00e4ftigten, der Anwohner als auch die der globalen Umwelt ber\u00fccksichtigt sind.<\/p>\n\n\n\n<p>Lasse Thiele (Konzeptwerk Neue \u00d6konomie Leipzig): <strong><a href=\"https:\/\/infobuero-nicaragua.org\/wp-content\/uploads\/2022\/03\/220331_Infobuero__Slides.odp\">100 Tage neue Regierung<\/a><\/strong><\/p>\n\n\n\n<p>Bea Sassermann(<em>Gewerkschafterinnen und Gewerkschaftern f\u00fcr Klimaschutz<\/em>): <a href=\"https:\/\/infobuero-nicaragua.org\/wp-content\/uploads\/2022\/03\/R\u00fcstungs-und-Sozialausgaben.03.22.pdf\"><strong>Was w\u00e4re wenn\u2026: R\u00fcstungs- und Sozialausgaben im Vergleich<\/strong><\/a><\/p>\n\n\n\n<p>Stephanie Walter(<em>Gewerkschafterinnen und Gewerkschaftern f\u00fcr Klimaschutz<\/em>): <a href=\"https:\/\/infobuero-nicaragua.org\/wp-content\/uploads\/2022\/03\/2022-03-31-VA_Falken.pdf\"><strong>Was bedeutet die Transformation f\u00fcr Arbeitnehmer:innen<\/strong><\/a><\/p>\n","protected":false},"excerpt":{"rendered":"<p>Was haben die Regierungsparteien im Wahlkampf verk\u00fcndet und was verspricht der Koalitionsvertrag f\u00fcr die notwendige sozial\u00f6kologische Transformation? Was ist in den ersten 100 Tagen passiert und welchen Effekt hat der Ukraine Krieg auf die klimapolitischen Strategien? Welche Gegenentw\u00fcrfe gibt es von unten? Lasse Thiele ist als Politikwissenschaftler spezialisiert auf die Kritik des \u201egr\u00fcnen\u201c Kapitalismus, aktiv [&hellip;]<\/p>\n","protected":false},"author":4,"featured_media":1323,"comment_status":"closed","ping_status":"closed","sticky":false,"template":"","format":"standard","meta":{"footnotes":""},"categories":[38,1],"tags":[],"_links":{"self":[{"href":"https:\/\/primaklima21.net\/index.php?rest_route=\/wp\/v2\/posts\/1059"}],"collection":[{"href":"https:\/\/primaklima21.net\/index.php?rest_route=\/wp\/v2\/posts"}],"about":[{"href":"https:\/\/primaklima21.net\/index.php?rest_route=\/wp\/v2\/types\/post"}],"author":[{"embeddable":true,"href":"https:\/\/primaklima21.net\/index.php?rest_route=\/wp\/v2\/users\/4"}],"replies":[{"embeddable":true,"href":"https:\/\/primaklima21.net\/index.php?rest_route=%2Fwp%2Fv2%2Fcomments&post=1059"}],"version-history":[{"count":2,"href":"https:\/\/primaklima21.net\/index.php?rest_route=\/wp\/v2\/posts\/1059\/revisions"}],"predecessor-version":[{"id":1061,"href":"https:\/\/primaklima21.net\/index.php?rest_route=\/wp\/v2\/posts\/1059\/revisions\/1061"}],"wp:featuredmedia":[{"embeddable":true,"href":"https:\/\/primaklima21.net\/index.php?rest_route=\/wp\/v2\/media\/1323"}],"wp:attachment":[{"href":"https:\/\/primaklima21.net\/index.php?rest_route=%2Fwp%2Fv2%2Fmedia&parent=1059"}],"wp:term":[{"taxonomy":"category","embeddable":true,"href":"https:\/\/primaklima21.net\/index.php?rest_route=%2Fwp%2Fv2%2Fcategories&post=1059"},{"taxonomy":"post_tag","embeddable":true,"href":"https:\/\/primaklima21.net\/index.php?rest_route=%2Fwp%2Fv2%2Ftags&post=1059"}],"curies":[{"name":"wp","href":"https:\/\/api.w.org\/{rel}","templated":true}]}}